{"id":1233,"date":"2023-11-13T18:15:27","date_gmt":"2023-11-13T18:15:27","guid":{"rendered":"https:\/\/www.parroquiasanpablovi.es\/?p=1233"},"modified":"2023-11-13T18:16:46","modified_gmt":"2023-11-13T18:16:46","slug":"diptico-aporta-tu-ladrillo","status":"publish","type":"post","link":"https:\/\/www.parroquiasanpablovi.es\/index.php\/2023\/11\/13\/diptico-aporta-tu-ladrillo\/","title":{"rendered":"D\u00edptico Aporta tu Ladrillo"},"content":{"rendered":"\n<p>Este domingo se han entregado unos d\u00edpticos con toda la informaci\u00f3n para colaborar en las construcci\u00f3n de nuestra parroquia. Este d\u00edptico incluye la cuenta de resultados del 2022, con el fin de aportar la mayor transparencia posible.<\/p>\n\n\n\n<p>El d\u00edptico tambi\u00e9n se ha distribuido por el canal de whatsapp, que es el canal m\u00e1s r\u00e1pido para conocer las \u00faltimas novedades. Os dejamos aqu\u00ed el <a href=\"https:\/\/whatsapp.com\/channel\/0029Va7uRtxLI8YgadPqH12l\">enlace del canal de whatsapp <\/a>y el <a href=\"https:\/\/www.parroquiasanpablovi.es\/wp-content\/uploads\/2023\/11\/Diptico-informacion-economica-parroquia-SPVI_Booklet.pdf\">d\u00edptico en formato pdf, porque si quer\u00e9is imprimirlo y repartirlo entre vuestras amistades.<\/a><\/p>\n\n\n\n<figure class=\"wp-block-image size-large\"><img loading=\"lazy\" decoding=\"async\" width=\"1024\" height=\"725\" src=\"https:\/\/www.parroquiasanpablovi.es\/wp-content\/uploads\/2023\/11\/PHOTO-2023-11-12-21-05-29-1024x725.jpg\" alt=\"\" class=\"wp-image-1235\" srcset=\"https:\/\/www.parroquiasanpablovi.es\/wp-content\/uploads\/2023\/11\/PHOTO-2023-11-12-21-05-29-1024x725.jpg 1024w, https:\/\/www.parroquiasanpablovi.es\/wp-content\/uploads\/2023\/11\/PHOTO-2023-11-12-21-05-29-300x212.jpg 300w, https:\/\/www.parroquiasanpablovi.es\/wp-content\/uploads\/2023\/11\/PHOTO-2023-11-12-21-05-29-768x544.jpg 768w, https:\/\/www.parroquiasanpablovi.es\/wp-content\/uploads\/2023\/11\/PHOTO-2023-11-12-21-05-29-1536x1087.jpg 1536w, https:\/\/www.parroquiasanpablovi.es\/wp-content\/uploads\/2023\/11\/PHOTO-2023-11-12-21-05-29.jpg 1599w\" sizes=\"auto, (max-width: 1024px) 100vw, 1024px\" \/><\/figure>\n\n\n\n<figure class=\"wp-block-image size-large\"><img loading=\"lazy\" decoding=\"async\" width=\"1024\" height=\"725\" src=\"https:\/\/www.parroquiasanpablovi.es\/wp-content\/uploads\/2023\/11\/PHOTO-2023-11-12-21-05-36-1024x725.jpg\" alt=\"\" class=\"wp-image-1236\" srcset=\"https:\/\/www.parroquiasanpablovi.es\/wp-content\/uploads\/2023\/11\/PHOTO-2023-11-12-21-05-36-1024x725.jpg 1024w, https:\/\/www.parroquiasanpablovi.es\/wp-content\/uploads\/2023\/11\/PHOTO-2023-11-12-21-05-36-300x212.jpg 300w, https:\/\/www.parroquiasanpablovi.es\/wp-content\/uploads\/2023\/11\/PHOTO-2023-11-12-21-05-36-768x544.jpg 768w, https:\/\/www.parroquiasanpablovi.es\/wp-content\/uploads\/2023\/11\/PHOTO-2023-11-12-21-05-36-1536x1087.jpg 1536w, https:\/\/www.parroquiasanpablovi.es\/wp-content\/uploads\/2023\/11\/PHOTO-2023-11-12-21-05-36.jpg 1599w\" sizes=\"auto, (max-width: 1024px) 100vw, 1024px\" \/><\/figure>\n","protected":false},"excerpt":{"rendered":"<p>Este domingo se han entregado unos d\u00edpticos con toda la informaci\u00f3n para colaborar en las construcci\u00f3n de nuestra parroquia. Este d\u00edptico incluye la cuenta de resultados del 2022, con el fin de aportar la mayor transparencia posible. El d\u00edptico tambi\u00e9n se ha distribuido por el canal de whatsapp, que es el canal m\u00e1s r\u00e1pido para [&hellip;]<\/p>\n","protected":false},"author":1,"featured_media":1219,"comment_status":"closed","ping_status":"closed","sticky":false,"template":"","format":"standard","meta":{"footnotes":""},"categories":[2],"tags":[17,13],"class_list":["post-1233","post","type-post","status-publish","format-standard","has-post-thumbnail","hentry","category-noticias","tag-parroquia","tag-trescantos"],"_links":{"self":[{"href":"https:\/\/www.parroquiasanpablovi.es\/index.php\/wp-json\/wp\/v2\/posts\/1233","targetHints":{"allow":["GET"]}}],"collection":[{"href":"https:\/\/www.parroquiasanpablovi.es\/index.php\/wp-json\/wp\/v2\/posts"}],"about":[{"href":"https:\/\/www.parroquiasanpablovi.es\/index.php\/wp-json\/wp\/v2\/types\/post"}],"author":[{"embeddable":true,"href":"https:\/\/www.parroquiasanpablovi.es\/index.php\/wp-json\/wp\/v2\/users\/1"}],"replies":[{"embeddable":true,"href":"https:\/\/www.parroquiasanpablovi.es\/index.php\/wp-json\/wp\/v2\/comments?post=1233"}],"version-history":[{"count":2,"href":"https:\/\/www.parroquiasanpablovi.es\/index.php\/wp-json\/wp\/v2\/posts\/1233\/revisions"}],"predecessor-version":[{"id":1238,"href":"https:\/\/www.parroquiasanpablovi.es\/index.php\/wp-json\/wp\/v2\/posts\/1233\/revisions\/1238"}],"wp:featuredmedia":[{"embeddable":true,"href":"https:\/\/www.parroquiasanpablovi.es\/index.php\/wp-json\/wp\/v2\/media\/1219"}],"wp:attachment":[{"href":"https:\/\/www.parroquiasanpablovi.es\/index.php\/wp-json\/wp\/v2\/media?parent=1233"}],"wp:term":[{"taxonomy":"category","embeddable":true,"href":"https:\/\/www.parroquiasanpablovi.es\/index.php\/wp-json\/wp\/v2\/categories?post=1233"},{"taxonomy":"post_tag","embeddable":true,"href":"https:\/\/www.parroquiasanpablovi.es\/index.php\/wp-json\/wp\/v2\/tags?post=1233"}],"curies":[{"name":"wp","href":"https:\/\/api.w.org\/{rel}","templated":true}]}}