{"id":1282,"date":"2024-02-11T09:53:16","date_gmt":"2024-02-11T09:53:16","guid":{"rendered":"https:\/\/www.parroquiasanpablovi.es\/?p=1282"},"modified":"2024-02-11T09:53:16","modified_gmt":"2024-02-11T09:53:16","slug":"vive-la-cuaresma","status":"publish","type":"post","link":"https:\/\/www.parroquiasanpablovi.es\/index.php\/2024\/02\/11\/vive-la-cuaresma\/","title":{"rendered":"\u00a1 VIVE LA CUARESMA!"},"content":{"rendered":"\n<p>Os presentamos el camino para vivir juntos la Cuaresma, un tiempo especial que la Iglesia nos propone para prepararnos a la Pascua!<\/p>\n\n\n\n<p>Tendremos un retiro para serenar el coraz\u00f3n y el esp\u00edritu, un ciclo de charlas que nos centren la mirada y nos formen, momentos de oraci\u00f3n como el v\u00eda crucis semanal, etc\u2026<\/p>\n\n\n\n<figure class=\"wp-block-image size-large\"><img loading=\"lazy\" decoding=\"async\" width=\"724\" height=\"1024\" src=\"https:\/\/www.parroquiasanpablovi.es\/wp-content\/uploads\/2024\/02\/Vivela-724x1024.jpeg\" alt=\"\" class=\"wp-image-1284\" srcset=\"https:\/\/www.parroquiasanpablovi.es\/wp-content\/uploads\/2024\/02\/Vivela-724x1024.jpeg 724w, https:\/\/www.parroquiasanpablovi.es\/wp-content\/uploads\/2024\/02\/Vivela-212x300.jpeg 212w, https:\/\/www.parroquiasanpablovi.es\/wp-content\/uploads\/2024\/02\/Vivela-768x1086.jpeg 768w, https:\/\/www.parroquiasanpablovi.es\/wp-content\/uploads\/2024\/02\/Vivela-1086x1536.jpeg 1086w, https:\/\/www.parroquiasanpablovi.es\/wp-content\/uploads\/2024\/02\/Vivela.jpeg 1131w\" sizes=\"auto, (max-width: 724px) 100vw, 724px\" \/><\/figure>\n","protected":false},"excerpt":{"rendered":"<p>Os presentamos el camino para vivir juntos la Cuaresma, un tiempo especial que la Iglesia nos propone para prepararnos a la Pascua! Tendremos un retiro para serenar el coraz\u00f3n y el esp\u00edritu, un ciclo de charlas que nos centren la mirada y nos formen, momentos de oraci\u00f3n como el v\u00eda crucis semanal, etc\u2026<\/p>\n","protected":false},"author":1,"featured_media":1284,"comment_status":"closed","ping_status":"closed","sticky":false,"template":"","format":"standard","meta":{"footnotes":""},"categories":[2],"tags":[27,17,13],"class_list":["post-1282","post","type-post","status-publish","format-standard","has-post-thumbnail","hentry","category-noticias","tag-cuaresma","tag-parroquia","tag-trescantos"],"_links":{"self":[{"href":"https:\/\/www.parroquiasanpablovi.es\/index.php\/wp-json\/wp\/v2\/posts\/1282","targetHints":{"allow":["GET"]}}],"collection":[{"href":"https:\/\/www.parroquiasanpablovi.es\/index.php\/wp-json\/wp\/v2\/posts"}],"about":[{"href":"https:\/\/www.parroquiasanpablovi.es\/index.php\/wp-json\/wp\/v2\/types\/post"}],"author":[{"embeddable":true,"href":"https:\/\/www.parroquiasanpablovi.es\/index.php\/wp-json\/wp\/v2\/users\/1"}],"replies":[{"embeddable":true,"href":"https:\/\/www.parroquiasanpablovi.es\/index.php\/wp-json\/wp\/v2\/comments?post=1282"}],"version-history":[{"count":1,"href":"https:\/\/www.parroquiasanpablovi.es\/index.php\/wp-json\/wp\/v2\/posts\/1282\/revisions"}],"predecessor-version":[{"id":1285,"href":"https:\/\/www.parroquiasanpablovi.es\/index.php\/wp-json\/wp\/v2\/posts\/1282\/revisions\/1285"}],"wp:featuredmedia":[{"embeddable":true,"href":"https:\/\/www.parroquiasanpablovi.es\/index.php\/wp-json\/wp\/v2\/media\/1284"}],"wp:attachment":[{"href":"https:\/\/www.parroquiasanpablovi.es\/index.php\/wp-json\/wp\/v2\/media?parent=1282"}],"wp:term":[{"taxonomy":"category","embeddable":true,"href":"https:\/\/www.parroquiasanpablovi.es\/index.php\/wp-json\/wp\/v2\/categories?post=1282"},{"taxonomy":"post_tag","embeddable":true,"href":"https:\/\/www.parroquiasanpablovi.es\/index.php\/wp-json\/wp\/v2\/tags?post=1282"}],"curies":[{"name":"wp","href":"https:\/\/api.w.org\/{rel}","templated":true}]}}