{"id":1371,"date":"2024-05-11T15:40:16","date_gmt":"2024-05-11T15:40:16","guid":{"rendered":"https:\/\/www.parroquiasanpablovi.es\/?p=1371"},"modified":"2024-05-11T15:40:16","modified_gmt":"2024-05-11T15:40:16","slug":"scouts-campamento-de-verano","status":"publish","type":"post","link":"https:\/\/www.parroquiasanpablovi.es\/index.php\/2024\/05\/11\/scouts-campamento-de-verano\/","title":{"rendered":"Scouts: Campamento de Verano"},"content":{"rendered":"\n<p>La semana del 22 al 26 de Julio tendr\u00e1 lugar el campamento de nuestro Grupo de Scouts Montini en \u00abEl Atazar. <\/p>\n\n\n\n<p>Las inscripciones se realizar\u00e1n enviando un correo a gsmontini3c@gmail.com. A continuaci\u00f3n os dejamos el cartel con toda la informaci\u00f3n. <\/p>\n\n\n\n<figure class=\"wp-block-image size-large\"><img loading=\"lazy\" decoding=\"async\" width=\"724\" height=\"1024\" src=\"https:\/\/www.parroquiasanpablovi.es\/wp-content\/uploads\/2024\/05\/20240511CampamentoScouts-724x1024.jpeg\" alt=\"\" class=\"wp-image-1373\" srcset=\"https:\/\/www.parroquiasanpablovi.es\/wp-content\/uploads\/2024\/05\/20240511CampamentoScouts-724x1024.jpeg 724w, https:\/\/www.parroquiasanpablovi.es\/wp-content\/uploads\/2024\/05\/20240511CampamentoScouts-212x300.jpeg 212w, https:\/\/www.parroquiasanpablovi.es\/wp-content\/uploads\/2024\/05\/20240511CampamentoScouts-768x1086.jpeg 768w, https:\/\/www.parroquiasanpablovi.es\/wp-content\/uploads\/2024\/05\/20240511CampamentoScouts-1086x1536.jpeg 1086w, https:\/\/www.parroquiasanpablovi.es\/wp-content\/uploads\/2024\/05\/20240511CampamentoScouts.jpeg 1448w\" sizes=\"auto, (max-width: 724px) 100vw, 724px\" \/><\/figure>\n","protected":false},"excerpt":{"rendered":"<p>La semana del 22 al 26 de Julio tendr\u00e1 lugar el campamento de nuestro Grupo de Scouts Montini en \u00abEl Atazar. Las inscripciones se realizar\u00e1n enviando un correo a gsmontini3c@gmail.com. A continuaci\u00f3n os dejamos el cartel con toda la informaci\u00f3n.<\/p>\n","protected":false},"author":1,"featured_media":1374,"comment_status":"closed","ping_status":"closed","sticky":false,"template":"","format":"standard","meta":{"footnotes":""},"categories":[2],"tags":[40,15,22,14,41,13,36],"class_list":["post-1371","post","type-post","status-publish","format-standard","has-post-thumbnail","hentry","category-noticias","tag-campamentoverano","tag-jovenes","tag-juventud","tag-scouts","tag-scoutscatolicos","tag-trescantos","tag-verano2024"],"_links":{"self":[{"href":"https:\/\/www.parroquiasanpablovi.es\/index.php\/wp-json\/wp\/v2\/posts\/1371","targetHints":{"allow":["GET"]}}],"collection":[{"href":"https:\/\/www.parroquiasanpablovi.es\/index.php\/wp-json\/wp\/v2\/posts"}],"about":[{"href":"https:\/\/www.parroquiasanpablovi.es\/index.php\/wp-json\/wp\/v2\/types\/post"}],"author":[{"embeddable":true,"href":"https:\/\/www.parroquiasanpablovi.es\/index.php\/wp-json\/wp\/v2\/users\/1"}],"replies":[{"embeddable":true,"href":"https:\/\/www.parroquiasanpablovi.es\/index.php\/wp-json\/wp\/v2\/comments?post=1371"}],"version-history":[{"count":1,"href":"https:\/\/www.parroquiasanpablovi.es\/index.php\/wp-json\/wp\/v2\/posts\/1371\/revisions"}],"predecessor-version":[{"id":1375,"href":"https:\/\/www.parroquiasanpablovi.es\/index.php\/wp-json\/wp\/v2\/posts\/1371\/revisions\/1375"}],"wp:featuredmedia":[{"embeddable":true,"href":"https:\/\/www.parroquiasanpablovi.es\/index.php\/wp-json\/wp\/v2\/media\/1374"}],"wp:attachment":[{"href":"https:\/\/www.parroquiasanpablovi.es\/index.php\/wp-json\/wp\/v2\/media?parent=1371"}],"wp:term":[{"taxonomy":"category","embeddable":true,"href":"https:\/\/www.parroquiasanpablovi.es\/index.php\/wp-json\/wp\/v2\/categories?post=1371"},{"taxonomy":"post_tag","embeddable":true,"href":"https:\/\/www.parroquiasanpablovi.es\/index.php\/wp-json\/wp\/v2\/tags?post=1371"}],"curies":[{"name":"wp","href":"https:\/\/api.w.org\/{rel}","templated":true}]}}