{"id":1743,"date":"2025-03-16T18:37:53","date_gmt":"2025-03-16T18:37:53","guid":{"rendered":"https:\/\/www.parroquiasanpablovi.es\/?p=1743"},"modified":"2025-03-30T09:50:46","modified_gmt":"2025-03-30T09:50:46","slug":"urgente-recogida-de-alimentos","status":"publish","type":"post","link":"https:\/\/www.parroquiasanpablovi.es\/index.php\/2025\/03\/16\/urgente-recogida-de-alimentos\/","title":{"rendered":"URGENTE: Recogida de Alimentos"},"content":{"rendered":"\n<p><strong><em>\u00bfNos ayudas con nuestra Recogida de Alimentos? <\/em><\/strong><\/p>\n\n\n\n<p>El Banco de Alimentos ha visto reducidas sus donaciones en los \u00faltimos meses, y muchas familias en situaci\u00f3n de vulnerabilidad dependen de nuestra ayuda. Desde <strong>C\u00e1ritas San Pablo VI<\/strong>, lanzamos esta <strong>campa\u00f1a de recogida de alimentos esenciales<\/strong> y no perecederos, adem\u00e1s de productos de higiene para cubrir las necesidades m\u00e1s b\u00e1sicas de las 40 familias y algo m\u00e1s de 100 personas de todas las edades a las que atendemos en la Parroquia.<\/p>\n\n\n\n<p>\ud83d\udccd <strong>\u00bfD\u00f3nde y cu\u00e1ndo puedes donar?<\/strong><br>Puedes dejar tu aportaci\u00f3n en la <strong>Parroquia San Pablo VI<\/strong> en su <strong>horario de apertura<\/strong> (consulta aqu\u00ed: <a href=\"https:\/\/www.parroquiasanpablovi.es\/index.php\/horario\/\">Horario Parroquia<\/a>).<br>\ud83d\udcc5 <strong>Plazo:<\/strong> Durante estas pr\u00f3ximas <strong>2 semanas<\/strong>.<\/p>\n\n\n\n<p>\ud83d\uded2 <strong>\u00bfQu\u00e9 puedes donar?<\/strong> <br>\u2714 Aceite, Legumbres, arroz, pasta&#8230;<br>\u2714 Leche, galletas, cereales&#8230;<br>\u2714 Latas de conserva&#8230;<br>\u2714 Productos de higiene: papel higi\u00e9nico, productos de higiene femenina, pa\u00f1ales (desde 8 kg)&#8230;<\/p>\n\n\n\n<p>Tu colaboraci\u00f3n, por peque\u00f1a que parezca, es un gesto inmenso de <strong>caridad<\/strong>. <\/p>\n\n\n\n<p><strong>S\u00e9 luz para los dem\u00e1s. \u00a1Gracias por tu generosidad!<\/strong><\/p>\n","protected":false},"excerpt":{"rendered":"<p>\u00bfNos ayudas con nuestra Recogida de Alimentos? El Banco de Alimentos ha visto reducidas sus donaciones en los \u00faltimos meses, y muchas familias en situaci\u00f3n de vulnerabilidad dependen de nuestra ayuda. Desde C\u00e1ritas San Pablo VI, lanzamos esta campa\u00f1a de recogida de alimentos esenciales y no perecederos, adem\u00e1s de productos de higiene para cubrir las [&hellip;]<\/p>\n","protected":false},"author":4,"featured_media":1747,"comment_status":"open","ping_status":"closed","sticky":false,"template":"","format":"standard","meta":{"footnotes":""},"categories":[2],"tags":[],"class_list":["post-1743","post","type-post","status-publish","format-standard","has-post-thumbnail","hentry","category-noticias"],"_links":{"self":[{"href":"https:\/\/www.parroquiasanpablovi.es\/index.php\/wp-json\/wp\/v2\/posts\/1743","targetHints":{"allow":["GET"]}}],"collection":[{"href":"https:\/\/www.parroquiasanpablovi.es\/index.php\/wp-json\/wp\/v2\/posts"}],"about":[{"href":"https:\/\/www.parroquiasanpablovi.es\/index.php\/wp-json\/wp\/v2\/types\/post"}],"author":[{"embeddable":true,"href":"https:\/\/www.parroquiasanpablovi.es\/index.php\/wp-json\/wp\/v2\/users\/4"}],"replies":[{"embeddable":true,"href":"https:\/\/www.parroquiasanpablovi.es\/index.php\/wp-json\/wp\/v2\/comments?post=1743"}],"version-history":[{"count":1,"href":"https:\/\/www.parroquiasanpablovi.es\/index.php\/wp-json\/wp\/v2\/posts\/1743\/revisions"}],"predecessor-version":[{"id":1745,"href":"https:\/\/www.parroquiasanpablovi.es\/index.php\/wp-json\/wp\/v2\/posts\/1743\/revisions\/1745"}],"wp:featuredmedia":[{"embeddable":true,"href":"https:\/\/www.parroquiasanpablovi.es\/index.php\/wp-json\/wp\/v2\/media\/1747"}],"wp:attachment":[{"href":"https:\/\/www.parroquiasanpablovi.es\/index.php\/wp-json\/wp\/v2\/media?parent=1743"}],"wp:term":[{"taxonomy":"category","embeddable":true,"href":"https:\/\/www.parroquiasanpablovi.es\/index.php\/wp-json\/wp\/v2\/categories?post=1743"},{"taxonomy":"post_tag","embeddable":true,"href":"https:\/\/www.parroquiasanpablovi.es\/index.php\/wp-json\/wp\/v2\/tags?post=1743"}],"curies":[{"name":"wp","href":"https:\/\/api.w.org\/{rel}","templated":true}]}}